{"id":941,"date":"2019-04-26T15:09:50","date_gmt":"2019-04-26T13:09:50","guid":{"rendered":"https:\/\/www.kaffeezentrale.de\/magazin\/?p=941"},"modified":"2022-06-29T16:59:27","modified_gmt":"2022-06-29T14:59:27","slug":"reisebericht-zu-besuch-beim-roester-mokaflor","status":"publish","type":"post","link":"https:\/\/www.kaffeezentrale.de\/magazin\/reisebericht-zu-besuch-beim-roester-mokaflor\/","title":{"rendered":"Reisebericht: zu Besuch beim R\u00f6ster Mokaflor"},"content":{"rendered":"\n<p>Die Adresse war eindeutig, dachten wir zumindest. Recht bald lotste uns das Navi in ein Wohngebiet. Die Stra\u00dfen wurden enger und enger. So eng, das wir dann doch Zweifel bekamen. Aber, wie so oft in Italien, sieht nach der n\u00e4chsten Biegung alles ganz anders aus. Nun ja, nicht v\u00f6llig anders, es war immer noch eine enge Stra\u00dfe in einem Wohngebiet, aber an einem der H\u00e4user stand in gro\u00dfen Lettern Mokaflor \u2013 und mitten auf der Stra\u00dfe stand Eleonora und winkte uns in die Einfahrt. Die war dann zwar blockiert mit unserem Auto, aber so was ist kein Problem in Italien. Wenn einer rein oder raus will, hupt er kurz (oder auch l\u00e4nger) und wartet, bis der Weg wieder frei gemacht wird. <\/p>\n\n\n\n<p>Eleonora ist \u00fcbrigens die Tochter von Firmenchef Andrea Bernini, die sich gerade (2018) in die Firma einarbeitet. Sie verschwand nur kurz im Haus um sich abzumelden, stieg dann zu uns ins Auto und dirigierte uns quer durch Florenz erst einmal zu einem ganz besonderen Restaurant zum Mitagessen. Unscheinbar von au\u00dfen, innen total verwinkelt, aber mit sehr vielen R\u00e4umen war es mitten in der Woche bis auf den letzten Platz besetzt. Die f\u00fcr uns reservierte Ecke war etwas weniger l\u00e4rmig als der Rest und so konnten wir uns bestens kennenlernen. Kurzweilige fast drei Stunden sp\u00e4ter ging es dann aber doch noch zur\u00fcck in die R\u00f6sterei.<\/p>\n\n\n\n<figure class=\"wp-block-image\"><img loading=\"lazy\" decoding=\"async\" width=\"695\" height=\"465\" src=\"https:\/\/www.kaffeezentrale.de\/magazin\/wp-content\/uploads\/mokaflor-kaffeesaecke.jpg\" alt=\"kaffees\u00e4cke bei der r\u00f6sterei mokaflor\" class=\"wp-image-953\" srcset=\"https:\/\/www.kaffeezentrale.de\/magazin\/wp-content\/uploads\/mokaflor-kaffeesaecke.jpg 695w, https:\/\/www.kaffeezentrale.de\/magazin\/wp-content\/uploads\/mokaflor-kaffeesaecke-300x201.jpg 300w, https:\/\/www.kaffeezentrale.de\/magazin\/wp-content\/uploads\/mokaflor-kaffeesaecke-628x420.jpg 628w\" sizes=\"auto, (max-width: 695px) 100vw, 695px\" \/><figcaption>Im Rohkaffeelager<\/figcaption><\/figure>\n\n\n\n<p>Dort angekommen f\u00fchrte Eleonora uns durch das Rohkaffeelager ins Haus, bei dem es sich um ein klassisches Wohnhaus mit angebauter kleiner Halle handelt. Entsprechend eng und voll ist es, aber alles hat seinen Platz. Zun\u00e4chst ging es in den Keller, wo sich ein Repr\u00e4sentationsraum und die Schulungsr\u00e4ume der firmeneigenen Espresso-Akademie befinden. Dort finden Baristakurse mit verschiedenen Schwerpunkten statt, die Grundlagen werden ebenso behandelt wie die typischen Management-Aufgaben einer Gastronomie. Die Kurse dauern je nach Intensit\u00e4t bis zu einer Woche und wurden schon von Menschen aus aller Herren L\u00e4nder gebucht. Bei unserem Besuch trafen wir &#8218;Sch\u00fcler&#8216; unter anderem aus China, Kanada und Dortmund an.<\/p>\n\n\n\n<p>Die Produktpalette von Mokaflor ist schier unglaublich. Allein die Preisliste z\u00e4hlt ca. 100 verschiedene Produkte auf und wir haben den begr\u00fcndeten Verdacht, dass sie nicht vollst\u00e4ndig ist ;-). Aus diesem Angebot haben wir f\u00fcr Sie nur die wichtigsten Produkte herausgesucht. Durch diese Konzentration auf das Wesentliche k\u00f6nnen wir Ihnen Mokaflor immer besonders frisch anbieten. Alle zwei bis vier Wochen kommt frischer Kaffee aus Florenz bei uns an.<\/p>\n\n\n\n<figure class=\"wp-block-image\"><img loading=\"lazy\" decoding=\"async\" width=\"695\" height=\"465\" src=\"https:\/\/www.kaffeezentrale.de\/magazin\/wp-content\/uploads\/mokaflor-roester.jpg\" alt=\"mann steht bei r\u00f6stmaschine\" class=\"wp-image-949\" srcset=\"https:\/\/www.kaffeezentrale.de\/magazin\/wp-content\/uploads\/mokaflor-roester.jpg 695w, https:\/\/www.kaffeezentrale.de\/magazin\/wp-content\/uploads\/mokaflor-roester-300x201.jpg 300w, https:\/\/www.kaffeezentrale.de\/magazin\/wp-content\/uploads\/mokaflor-roester-628x420.jpg 628w\" sizes=\"auto, (max-width: 695px) 100vw, 695px\" \/><figcaption>Hier wird ger\u00f6stet<\/figcaption><\/figure>\n\n\n\n<p>Die R\u00f6sterei befindet sich in der angebauten Mehrzweckhalle. Mehrzweck deshalb, weil dort alles ist: das Lager f\u00fcr Rohkaffee, Verpackungsmaterial und Werbemittel, die R\u00f6stmaschine, die Silos zum Ausgasen des ger\u00f6steten Kaffees, die Mischanlage, die Verpackungsanlage, ein sehr kleines Auslieferungslager und wahrscheinlich noch einiges mehr, was wir gar nicht wahrgenommen haben. Obendrein ist es n\u00e4mlich ziemlich wuselig dort, da jede Menge Mitarbeiter jede Menge Arbeiten erledigen. Sicher, man k\u00f6nnte das besser organisieren, aber dann w\u00e4re es lange nicht mehr so liebenswert. <br>\nDa es keinen Platz f\u00fcr ein gr\u00f6\u00dferes Lager gibt, wird bei Mokaflor weitgehend auftragsbezogen ger\u00f6stet und verpackt. Im Klartext bedeutet das: Wir bestellen und dann f\u00e4ngt Mokaflor an zu r\u00f6sten, selbstverst\u00e4ndlich jede Sorte Rohkaffee einzeln. Anders kann man nicht auf die Besonderheiten der einzelnen Provenienzen eingehen, erkl\u00e4rt uns Andrea Bernini, dessen Vater einst als Buchhalter bei Mokaflor gearbeitet hat und die Firma sp\u00e4ter \u00fcbernehmen konnte. <\/p>\n\n\n\n<figure class=\"wp-block-image\"><img loading=\"lazy\" decoding=\"async\" width=\"695\" height=\"465\" src=\"https:\/\/www.kaffeezentrale.de\/magazin\/wp-content\/uploads\/mokaflor-halle.jpg\" alt=\"menschen unterhalten sich in der kaffeehalle\" class=\"wp-image-952\" srcset=\"https:\/\/www.kaffeezentrale.de\/magazin\/wp-content\/uploads\/mokaflor-halle.jpg 695w, https:\/\/www.kaffeezentrale.de\/magazin\/wp-content\/uploads\/mokaflor-halle-300x201.jpg 300w, https:\/\/www.kaffeezentrale.de\/magazin\/wp-content\/uploads\/mokaflor-halle-628x420.jpg 628w\" sizes=\"auto, (max-width: 695px) 100vw, 695px\" \/><figcaption>Eleonora Bernini (l.) f\u00fchrte uns durch das Unternehmen. <br>2. v. l.: Sibylle Kerkhoff, r: Andrea Bernini<\/figcaption><\/figure>\n\n\n\n<p>Andreas gro\u00dfe Leidenschaft sind so genannte Single Origins, also Kaffees aus nur einem Anbauland, oft sogar nur von einer einzigen Plantage. Im Gegensatz zu seinen Standardmischungen, die immer das gleiche Geschmacksprofil aufweisen sollen, kommt bei diesen Spezialit\u00e4tenkaffees das typische Profil des jeweiligen Rohkaffees voll zur Geltung. Mal fruchtig und mit ausgep\u00e4gter S\u00e4urestruktur, mal vollmundig und erdig, aber auch mineralisch oder kr\u00e4uterig oder gew\u00fcrzig k\u00f6nnen die vorherrschenden Eindr\u00fccke sein. Den meisten Menschen schmecken solche Kaffees nicht, sie sind&nbsp; nicht ausgewogen genug. Daher gibt es ja auch die Standardmischungen, in denen sich die verschiedenen Aromen harmonisch erg\u00e4nzen. Der Rohkaffee wird alle 14 Tage angeliefert, mehr kann auf dem beengten Raum gar nicht gelagert werden. Die Grundlage vieler Mokaflor R\u00f6stung ist ein <a href=\"https:\/\/www.kaffeezentrale.de\/brasilien\">brasilianischer Kaffee<\/a>, der direkt im Erzeugerland eingekauft wird. Die anderen Provenienzen werden von Rohkaffeeh\u00e4ndlern, wie z.B. Sandalj oder Blaser Trading, bezogen. <\/p>\n\n\n\n<p>Mokaflor ist nach wie vor eine Familienr\u00f6sterei, klein aber fein. Hier wird vieles noch in Handarbeit erledigt. Es gibt zwar eine Maschine, die die T\u00fcten automatisch mit der richtigen Menge an Kaffee bef\u00fcllt, aber eben nur eine. Am n\u00e4chsten Arbeitsplatz wird das noch von Hand erledigt. Schaufel f\u00fcr Schaufel werden die Bohnen in die T\u00fcte bef\u00f6rdert, bis die Waage das richtige Gewicht anzeigt.&nbsp; F\u00fcr das Zuschwei\u00dfen der T\u00fcten gilt das gleiche \u2013 es gibt eine Maschine, es kann (und wird) aber auch von Hand erledigt werden.<\/p>\n\n\n\n<figure class=\"wp-block-image\"><img loading=\"lazy\" decoding=\"async\" width=\"695\" height=\"465\" src=\"https:\/\/www.kaffeezentrale.de\/magazin\/wp-content\/uploads\/mokaflor-verpackung.jpg\" alt=\"abf\u00fcllstation f\u00fcr die kaffeet\u00fcten\" class=\"wp-image-957\" srcset=\"https:\/\/www.kaffeezentrale.de\/magazin\/wp-content\/uploads\/mokaflor-verpackung.jpg 695w, https:\/\/www.kaffeezentrale.de\/magazin\/wp-content\/uploads\/mokaflor-verpackung-300x201.jpg 300w, https:\/\/www.kaffeezentrale.de\/magazin\/wp-content\/uploads\/mokaflor-verpackung-628x420.jpg 628w\" sizes=\"auto, (max-width: 695px) 100vw, 695px\" \/><figcaption>Die Abf\u00fcllstation<\/figcaption><\/figure>\n\n\n\n<p>Besonders gut hat uns gefallen, wie eine Kaffeemischung entsteht. Die Ruhesilos f\u00fcr den ger\u00f6steten Kaffee stehen sich in zwei Reihen gegen\u00fcber. Dazwischen passt genau die Mischmaschine. Wobei Maschine nicht ganz das richtige Wort ist, eher handelt es sich um eine fahrbare Waage mit Klemmbrett. Auf diesem Klemmbrett befestigt der Bediener die Rezeptur der jeweiligen Mischung und f\u00e4hrt zu den entsprechenden Silos. Eine Schwenkvorrichtung dockt dann am Silo an. Nun wird der Verschluss des Silos von Hand ge\u00f6ffnet, die Bohnen rauschen heraus in die Mischmaschine, die Waage wiegt permanent mit. Kurz vor Erreichen der gew\u00fcnschten Menge wird der Verschluss des Silos wieder etwas geschlossen, damit der Kaffee nur noch langsam herauskommt, damit die richtige Menge auch nicht \u00fcberschritten wird. Das wiederholt sich mit allen in der Rezeptur erhaltenen Provenienzen, bis die Mischung fertig ist. Anschlie\u00dfend wird per Unterdruck in die Abf\u00fcllmaschine umgef\u00fcllt (Staubsaugerprinzip), dabei wird alles auch ordentlich durchgemischt.<\/p>\n\n\n\n<figure class=\"wp-block-image\"><img loading=\"lazy\" decoding=\"async\" width=\"695\" height=\"465\" src=\"https:\/\/www.kaffeezentrale.de\/magazin\/wp-content\/uploads\/mokaflor-mischmaschine.jpg\" alt=\"ruhesilos f\u00fcr kaffee f\u00fcr die kaffeemischung\" class=\"wp-image-956\" srcset=\"https:\/\/www.kaffeezentrale.de\/magazin\/wp-content\/uploads\/mokaflor-mischmaschine.jpg 695w, https:\/\/www.kaffeezentrale.de\/magazin\/wp-content\/uploads\/mokaflor-mischmaschine-300x201.jpg 300w, https:\/\/www.kaffeezentrale.de\/magazin\/wp-content\/uploads\/mokaflor-mischmaschine-628x420.jpg 628w\" sizes=\"auto, (max-width: 695px) 100vw, 695px\" \/><figcaption>In den Ruhesilos lagern die Kaffees, die sp\u00e4ter f\u00fcr Mischungen verwendet werden<\/figcaption><\/figure>\n\n\n\n<p>Zum Abschlu\u00df unseres Besuches haben wir uns abends noch in der legend\u00e4ren Trattoria Camillo getroffen. Alteingesessen, v\u00f6llig unscheinbar von au\u00dfen und in einer Nebenstra\u00dfe in der N\u00e4he des Arno gelegen, gab es dort das beste Bistecca Fiorentina unserer Reise \u2013 und jede Menge anderer Leckereien. Leider muss man lange im voraus reservieren, um dort \u00fcberhaupt einen Platz zu bekommen. Online geht das schon mal gar nicht, die Trattoria hat zwar \u00fcberall beste Bewertungen aber immer noch keine eigenen Webseite. Genau das macht uns Italien und insbesondere Florenz so sympatisch. In diesem Sinne \u2013 bis zum n\u00e4chsten Mal.<\/p>\n\n\n\n<p>Neugierig geworden? Einen \u00dcberblick \u00fcber das Sortiment von Mokaflor erhalten Sie <a href=\"https:\/\/www.kaffeezentrale.de\/mokaflor\/\">in unserem Onlineshop<\/a>.<br><\/p>\n","protected":false},"excerpt":{"rendered":"<p>Die Adresse war eindeutig, dachten wir zumindest. Recht bald lotste uns das Navi in ein Wohngebiet. Die Stra\u00dfen wurden enger und enger. So eng, das wir dann doch Zweifel bekamen. Aber, wie so oft in Italien, sieht nach der n\u00e4chsten Biegung alles ganz anders aus. Nun ja, nicht v\u00f6llig anders, es war immer noch eine [&hellip;]<\/p>\n","protected":false},"author":15,"featured_media":951,"comment_status":"open","ping_status":"open","sticky":false,"template":"","format":"standard","meta":{"footnotes":""},"categories":[7,5],"tags":[],"class_list":{"0":"post-941","1":"post","2":"type-post","3":"status-publish","4":"format-standard","5":"has-post-thumbnail","7":"category-erlebt","8":"category-leute"},"yoast_head":"<!-- This site is optimized with the Yoast SEO plugin v26.1.1 - https:\/\/yoast.com\/wordpress\/plugins\/seo\/ -->\n<title>Reisebericht: zu Besuch beim R\u00f6ster Mokaflor - Kaffeezentrale Magazin<\/title>\n<meta name=\"description\" content=\"Auf geht&#039;s nach Florenz! Hier haben wir den R\u00f6ster Mokaflor besucht, mit dem wir bereits seit vielen Jahren zusammenarbeiten.\" \/>\n<meta name=\"robots\" content=\"index, follow, max-snippet:-1, max-image-preview:large, max-video-preview:-1\" \/>\n<link rel=\"canonical\" href=\"https:\/\/www.kaffeezentrale.de\/magazin\/reisebericht-zu-besuch-beim-roester-mokaflor\/\" \/>\n<meta property=\"og:locale\" content=\"de_DE\" \/>\n<meta property=\"og:type\" content=\"article\" \/>\n<meta property=\"og:title\" content=\"Reisebericht: zu Besuch beim R\u00f6ster Mokaflor\" \/>\n<meta property=\"og:description\" content=\"Auf geht&#039;s nach Florenz! Hier haben wir den R\u00f6ster Mokaflor besucht, mit dem wir bereits seit vielen Jahren zusammenarbeiten.\" \/>\n<meta property=\"og:url\" content=\"https:\/\/www.kaffeezentrale.de\/magazin\/reisebericht-zu-besuch-beim-roester-mokaflor\/\" \/>\n<meta property=\"og:site_name\" content=\"Kaffeezentrale Magazin\" \/>\n<meta property=\"article:published_time\" content=\"2019-04-26T13:09:50+00:00\" \/>\n<meta property=\"article:modified_time\" content=\"2022-06-29T14:59:27+00:00\" \/>\n<meta property=\"og:image\" content=\"https:\/\/www.kaffeezentrale.de\/magazin\/wp-content\/uploads\/mokaflor-titelbild.jpg\" \/>\n\t<meta property=\"og:image:width\" content=\"1068\" \/>\n\t<meta property=\"og:image:height\" content=\"587\" \/>\n\t<meta property=\"og:image:type\" content=\"image\/jpeg\" \/>\n<meta name=\"author\" content=\"Kaffeezentrale\" \/>\n<meta name=\"twitter:card\" content=\"summary_large_image\" \/>\n<meta name=\"twitter:title\" content=\"Reisebericht: zu Besuch beim R\u00f6ster Mokaflor\" \/>\n<meta name=\"twitter:description\" content=\"Auf geht&#039;s nach Florenz! Hier haben wir den R\u00f6ster Mokaflor besucht, mit dem wir bereits seit vielen Jahren zusammenarbeiten.\" \/>\n<meta name=\"twitter:label1\" content=\"Verfasst von\" \/>\n\t<meta name=\"twitter:data1\" content=\"Kaffeezentrale\" \/>\n\t<meta name=\"twitter:label2\" content=\"Gesch\u00e4tzte Lesezeit\" \/>\n\t<meta name=\"twitter:data2\" content=\"6\u00a0Minuten\" \/>\n<script type=\"application\/ld+json\" class=\"yoast-schema-graph\">{\"@context\":\"https:\/\/schema.org\",\"@graph\":[{\"@type\":\"Article\",\"@id\":\"https:\/\/www.kaffeezentrale.de\/magazin\/reisebericht-zu-besuch-beim-roester-mokaflor\/#article\",\"isPartOf\":{\"@id\":\"https:\/\/www.kaffeezentrale.de\/magazin\/reisebericht-zu-besuch-beim-roester-mokaflor\/\"},\"author\":{\"name\":\"Kaffeezentrale\",\"@id\":\"https:\/\/www.kaffeezentrale.de\/magazin\/#\/schema\/person\/a2714fa92e2e4e8ba2c04a1003011243\"},\"headline\":\"Reisebericht: zu Besuch beim R\u00f6ster Mokaflor\",\"datePublished\":\"2019-04-26T13:09:50+00:00\",\"dateModified\":\"2022-06-29T14:59:27+00:00\",\"mainEntityOfPage\":{\"@id\":\"https:\/\/www.kaffeezentrale.de\/magazin\/reisebericht-zu-besuch-beim-roester-mokaflor\/\"},\"wordCount\":1144,\"commentCount\":1,\"publisher\":{\"@id\":\"https:\/\/www.kaffeezentrale.de\/magazin\/#organization\"},\"image\":{\"@id\":\"https:\/\/www.kaffeezentrale.de\/magazin\/reisebericht-zu-besuch-beim-roester-mokaflor\/#primaryimage\"},\"thumbnailUrl\":\"https:\/\/www.kaffeezentrale.de\/magazin\/wp-content\/uploads\/mokaflor-titelbild.jpg\",\"articleSection\":[\"Erlebt\",\"Leute\"],\"inLanguage\":\"de\",\"potentialAction\":[{\"@type\":\"CommentAction\",\"name\":\"Comment\",\"target\":[\"https:\/\/www.kaffeezentrale.de\/magazin\/reisebericht-zu-besuch-beim-roester-mokaflor\/#respond\"]}]},{\"@type\":\"WebPage\",\"@id\":\"https:\/\/www.kaffeezentrale.de\/magazin\/reisebericht-zu-besuch-beim-roester-mokaflor\/\",\"url\":\"https:\/\/www.kaffeezentrale.de\/magazin\/reisebericht-zu-besuch-beim-roester-mokaflor\/\",\"name\":\"Reisebericht: zu Besuch beim R\u00f6ster Mokaflor - Kaffeezentrale Magazin\",\"isPartOf\":{\"@id\":\"https:\/\/www.kaffeezentrale.de\/magazin\/#website\"},\"primaryImageOfPage\":{\"@id\":\"https:\/\/www.kaffeezentrale.de\/magazin\/reisebericht-zu-besuch-beim-roester-mokaflor\/#primaryimage\"},\"image\":{\"@id\":\"https:\/\/www.kaffeezentrale.de\/magazin\/reisebericht-zu-besuch-beim-roester-mokaflor\/#primaryimage\"},\"thumbnailUrl\":\"https:\/\/www.kaffeezentrale.de\/magazin\/wp-content\/uploads\/mokaflor-titelbild.jpg\",\"datePublished\":\"2019-04-26T13:09:50+00:00\",\"dateModified\":\"2022-06-29T14:59:27+00:00\",\"description\":\"Auf geht's nach Florenz! Hier haben wir den R\u00f6ster Mokaflor besucht, mit dem wir bereits seit vielen Jahren zusammenarbeiten.\",\"breadcrumb\":{\"@id\":\"https:\/\/www.kaffeezentrale.de\/magazin\/reisebericht-zu-besuch-beim-roester-mokaflor\/#breadcrumb\"},\"inLanguage\":\"de\",\"potentialAction\":[{\"@type\":\"ReadAction\",\"target\":[\"https:\/\/www.kaffeezentrale.de\/magazin\/reisebericht-zu-besuch-beim-roester-mokaflor\/\"]}]},{\"@type\":\"ImageObject\",\"inLanguage\":\"de\",\"@id\":\"https:\/\/www.kaffeezentrale.de\/magazin\/reisebericht-zu-besuch-beim-roester-mokaflor\/#primaryimage\",\"url\":\"https:\/\/www.kaffeezentrale.de\/magazin\/wp-content\/uploads\/mokaflor-titelbild.jpg\",\"contentUrl\":\"https:\/\/www.kaffeezentrale.de\/magazin\/wp-content\/uploads\/mokaflor-titelbild.jpg\",\"width\":1068,\"height\":587},{\"@type\":\"BreadcrumbList\",\"@id\":\"https:\/\/www.kaffeezentrale.de\/magazin\/reisebericht-zu-besuch-beim-roester-mokaflor\/#breadcrumb\",\"itemListElement\":[{\"@type\":\"ListItem\",\"position\":1,\"name\":\"Startseite\",\"item\":\"https:\/\/www.kaffeezentrale.de\/magazin\/\"},{\"@type\":\"ListItem\",\"position\":2,\"name\":\"Reisebericht: zu Besuch beim R\u00f6ster Mokaflor\"}]},{\"@type\":\"WebSite\",\"@id\":\"https:\/\/www.kaffeezentrale.de\/magazin\/#website\",\"url\":\"https:\/\/www.kaffeezentrale.de\/magazin\/\",\"name\":\"Kaffeezentrale Magazin\",\"description\":\"Magazin f\u00fcr Espressionisten\",\"publisher\":{\"@id\":\"https:\/\/www.kaffeezentrale.de\/magazin\/#organization\"},\"potentialAction\":[{\"@type\":\"SearchAction\",\"target\":{\"@type\":\"EntryPoint\",\"urlTemplate\":\"https:\/\/www.kaffeezentrale.de\/magazin\/?s={search_term_string}\"},\"query-input\":{\"@type\":\"PropertyValueSpecification\",\"valueRequired\":true,\"valueName\":\"search_term_string\"}}],\"inLanguage\":\"de\"},{\"@type\":\"Organization\",\"@id\":\"https:\/\/www.kaffeezentrale.de\/magazin\/#organization\",\"name\":\"Kaffeezentrale DE GmbH\",\"url\":\"https:\/\/www.kaffeezentrale.de\/magazin\/\",\"logo\":{\"@type\":\"ImageObject\",\"inLanguage\":\"de\",\"@id\":\"https:\/\/www.kaffeezentrale.de\/magazin\/#\/schema\/logo\/image\/\",\"url\":\"https:\/\/www.kaffeezentrale.de\/magazin\/wp-content\/uploads\/kazlogo-272-90.png\",\"contentUrl\":\"https:\/\/www.kaffeezentrale.de\/magazin\/wp-content\/uploads\/kazlogo-272-90.png\",\"width\":272,\"height\":90,\"caption\":\"Kaffeezentrale DE GmbH\"},\"image\":{\"@id\":\"https:\/\/www.kaffeezentrale.de\/magazin\/#\/schema\/logo\/image\/\"}},{\"@type\":\"Person\",\"@id\":\"https:\/\/www.kaffeezentrale.de\/magazin\/#\/schema\/person\/a2714fa92e2e4e8ba2c04a1003011243\",\"name\":\"Kaffeezentrale\",\"image\":{\"@type\":\"ImageObject\",\"inLanguage\":\"de\",\"@id\":\"https:\/\/www.kaffeezentrale.de\/magazin\/#\/schema\/person\/image\/\",\"url\":\"https:\/\/secure.gravatar.com\/avatar\/26012331465469822a5263b95093140ce8c0593742aa71378d88f7939d9c30ca?s=96&d=mm&r=g\",\"contentUrl\":\"https:\/\/secure.gravatar.com\/avatar\/26012331465469822a5263b95093140ce8c0593742aa71378d88f7939d9c30ca?s=96&d=mm&r=g\",\"caption\":\"Kaffeezentrale\"},\"url\":\"https:\/\/www.kaffeezentrale.de\/magazin\/author\/c-kumpernatz\/\"}]}<\/script>\n<!-- \/ Yoast SEO plugin. -->","yoast_head_json":{"title":"Reisebericht: zu Besuch beim R\u00f6ster Mokaflor - Kaffeezentrale Magazin","description":"Auf geht's nach Florenz! Hier haben wir den R\u00f6ster Mokaflor besucht, mit dem wir bereits seit vielen Jahren zusammenarbeiten.","robots":{"index":"index","follow":"follow","max-snippet":"max-snippet:-1","max-image-preview":"max-image-preview:large","max-video-preview":"max-video-preview:-1"},"canonical":"https:\/\/www.kaffeezentrale.de\/magazin\/reisebericht-zu-besuch-beim-roester-mokaflor\/","og_locale":"de_DE","og_type":"article","og_title":"Reisebericht: zu Besuch beim R\u00f6ster Mokaflor","og_description":"Auf geht's nach Florenz! Hier haben wir den R\u00f6ster Mokaflor besucht, mit dem wir bereits seit vielen Jahren zusammenarbeiten.","og_url":"https:\/\/www.kaffeezentrale.de\/magazin\/reisebericht-zu-besuch-beim-roester-mokaflor\/","og_site_name":"Kaffeezentrale Magazin","article_published_time":"2019-04-26T13:09:50+00:00","article_modified_time":"2022-06-29T14:59:27+00:00","og_image":[{"width":1068,"height":587,"url":"https:\/\/www.kaffeezentrale.de\/magazin\/wp-content\/uploads\/mokaflor-titelbild.jpg","type":"image\/jpeg"}],"author":"Kaffeezentrale","twitter_card":"summary_large_image","twitter_title":"Reisebericht: zu Besuch beim R\u00f6ster Mokaflor","twitter_description":"Auf geht's nach Florenz! Hier haben wir den R\u00f6ster Mokaflor besucht, mit dem wir bereits seit vielen Jahren zusammenarbeiten.","twitter_misc":{"Verfasst von":"Kaffeezentrale","Gesch\u00e4tzte Lesezeit":"6\u00a0Minuten"},"schema":{"@context":"https:\/\/schema.org","@graph":[{"@type":"Article","@id":"https:\/\/www.kaffeezentrale.de\/magazin\/reisebericht-zu-besuch-beim-roester-mokaflor\/#article","isPartOf":{"@id":"https:\/\/www.kaffeezentrale.de\/magazin\/reisebericht-zu-besuch-beim-roester-mokaflor\/"},"author":{"name":"Kaffeezentrale","@id":"https:\/\/www.kaffeezentrale.de\/magazin\/#\/schema\/person\/a2714fa92e2e4e8ba2c04a1003011243"},"headline":"Reisebericht: zu Besuch beim R\u00f6ster Mokaflor","datePublished":"2019-04-26T13:09:50+00:00","dateModified":"2022-06-29T14:59:27+00:00","mainEntityOfPage":{"@id":"https:\/\/www.kaffeezentrale.de\/magazin\/reisebericht-zu-besuch-beim-roester-mokaflor\/"},"wordCount":1144,"commentCount":1,"publisher":{"@id":"https:\/\/www.kaffeezentrale.de\/magazin\/#organization"},"image":{"@id":"https:\/\/www.kaffeezentrale.de\/magazin\/reisebericht-zu-besuch-beim-roester-mokaflor\/#primaryimage"},"thumbnailUrl":"https:\/\/www.kaffeezentrale.de\/magazin\/wp-content\/uploads\/mokaflor-titelbild.jpg","articleSection":["Erlebt","Leute"],"inLanguage":"de","potentialAction":[{"@type":"CommentAction","name":"Comment","target":["https:\/\/www.kaffeezentrale.de\/magazin\/reisebericht-zu-besuch-beim-roester-mokaflor\/#respond"]}]},{"@type":"WebPage","@id":"https:\/\/www.kaffeezentrale.de\/magazin\/reisebericht-zu-besuch-beim-roester-mokaflor\/","url":"https:\/\/www.kaffeezentrale.de\/magazin\/reisebericht-zu-besuch-beim-roester-mokaflor\/","name":"Reisebericht: zu Besuch beim R\u00f6ster Mokaflor - Kaffeezentrale Magazin","isPartOf":{"@id":"https:\/\/www.kaffeezentrale.de\/magazin\/#website"},"primaryImageOfPage":{"@id":"https:\/\/www.kaffeezentrale.de\/magazin\/reisebericht-zu-besuch-beim-roester-mokaflor\/#primaryimage"},"image":{"@id":"https:\/\/www.kaffeezentrale.de\/magazin\/reisebericht-zu-besuch-beim-roester-mokaflor\/#primaryimage"},"thumbnailUrl":"https:\/\/www.kaffeezentrale.de\/magazin\/wp-content\/uploads\/mokaflor-titelbild.jpg","datePublished":"2019-04-26T13:09:50+00:00","dateModified":"2022-06-29T14:59:27+00:00","description":"Auf geht's nach Florenz! Hier haben wir den R\u00f6ster Mokaflor besucht, mit dem wir bereits seit vielen Jahren zusammenarbeiten.","breadcrumb":{"@id":"https:\/\/www.kaffeezentrale.de\/magazin\/reisebericht-zu-besuch-beim-roester-mokaflor\/#breadcrumb"},"inLanguage":"de","potentialAction":[{"@type":"ReadAction","target":["https:\/\/www.kaffeezentrale.de\/magazin\/reisebericht-zu-besuch-beim-roester-mokaflor\/"]}]},{"@type":"ImageObject","inLanguage":"de","@id":"https:\/\/www.kaffeezentrale.de\/magazin\/reisebericht-zu-besuch-beim-roester-mokaflor\/#primaryimage","url":"https:\/\/www.kaffeezentrale.de\/magazin\/wp-content\/uploads\/mokaflor-titelbild.jpg","contentUrl":"https:\/\/www.kaffeezentrale.de\/magazin\/wp-content\/uploads\/mokaflor-titelbild.jpg","width":1068,"height":587},{"@type":"BreadcrumbList","@id":"https:\/\/www.kaffeezentrale.de\/magazin\/reisebericht-zu-besuch-beim-roester-mokaflor\/#breadcrumb","itemListElement":[{"@type":"ListItem","position":1,"name":"Startseite","item":"https:\/\/www.kaffeezentrale.de\/magazin\/"},{"@type":"ListItem","position":2,"name":"Reisebericht: zu Besuch beim R\u00f6ster Mokaflor"}]},{"@type":"WebSite","@id":"https:\/\/www.kaffeezentrale.de\/magazin\/#website","url":"https:\/\/www.kaffeezentrale.de\/magazin\/","name":"Kaffeezentrale Magazin","description":"Magazin f\u00fcr Espressionisten","publisher":{"@id":"https:\/\/www.kaffeezentrale.de\/magazin\/#organization"},"potentialAction":[{"@type":"SearchAction","target":{"@type":"EntryPoint","urlTemplate":"https:\/\/www.kaffeezentrale.de\/magazin\/?s={search_term_string}"},"query-input":{"@type":"PropertyValueSpecification","valueRequired":true,"valueName":"search_term_string"}}],"inLanguage":"de"},{"@type":"Organization","@id":"https:\/\/www.kaffeezentrale.de\/magazin\/#organization","name":"Kaffeezentrale DE GmbH","url":"https:\/\/www.kaffeezentrale.de\/magazin\/","logo":{"@type":"ImageObject","inLanguage":"de","@id":"https:\/\/www.kaffeezentrale.de\/magazin\/#\/schema\/logo\/image\/","url":"https:\/\/www.kaffeezentrale.de\/magazin\/wp-content\/uploads\/kazlogo-272-90.png","contentUrl":"https:\/\/www.kaffeezentrale.de\/magazin\/wp-content\/uploads\/kazlogo-272-90.png","width":272,"height":90,"caption":"Kaffeezentrale DE GmbH"},"image":{"@id":"https:\/\/www.kaffeezentrale.de\/magazin\/#\/schema\/logo\/image\/"}},{"@type":"Person","@id":"https:\/\/www.kaffeezentrale.de\/magazin\/#\/schema\/person\/a2714fa92e2e4e8ba2c04a1003011243","name":"Kaffeezentrale","image":{"@type":"ImageObject","inLanguage":"de","@id":"https:\/\/www.kaffeezentrale.de\/magazin\/#\/schema\/person\/image\/","url":"https:\/\/secure.gravatar.com\/avatar\/26012331465469822a5263b95093140ce8c0593742aa71378d88f7939d9c30ca?s=96&d=mm&r=g","contentUrl":"https:\/\/secure.gravatar.com\/avatar\/26012331465469822a5263b95093140ce8c0593742aa71378d88f7939d9c30ca?s=96&d=mm&r=g","caption":"Kaffeezentrale"},"url":"https:\/\/www.kaffeezentrale.de\/magazin\/author\/c-kumpernatz\/"}]}},"_links":{"self":[{"href":"https:\/\/www.kaffeezentrale.de\/magazin\/wp-json\/wp\/v2\/posts\/941","targetHints":{"allow":["GET"]}}],"collection":[{"href":"https:\/\/www.kaffeezentrale.de\/magazin\/wp-json\/wp\/v2\/posts"}],"about":[{"href":"https:\/\/www.kaffeezentrale.de\/magazin\/wp-json\/wp\/v2\/types\/post"}],"author":[{"embeddable":true,"href":"https:\/\/www.kaffeezentrale.de\/magazin\/wp-json\/wp\/v2\/users\/15"}],"replies":[{"embeddable":true,"href":"https:\/\/www.kaffeezentrale.de\/magazin\/wp-json\/wp\/v2\/comments?post=941"}],"version-history":[{"count":13,"href":"https:\/\/www.kaffeezentrale.de\/magazin\/wp-json\/wp\/v2\/posts\/941\/revisions"}],"predecessor-version":[{"id":1572,"href":"https:\/\/www.kaffeezentrale.de\/magazin\/wp-json\/wp\/v2\/posts\/941\/revisions\/1572"}],"wp:featuredmedia":[{"embeddable":true,"href":"https:\/\/www.kaffeezentrale.de\/magazin\/wp-json\/wp\/v2\/media\/951"}],"wp:attachment":[{"href":"https:\/\/www.kaffeezentrale.de\/magazin\/wp-json\/wp\/v2\/media?parent=941"}],"wp:term":[{"taxonomy":"category","embeddable":true,"href":"https:\/\/www.kaffeezentrale.de\/magazin\/wp-json\/wp\/v2\/categories?post=941"},{"taxonomy":"post_tag","embeddable":true,"href":"https:\/\/www.kaffeezentrale.de\/magazin\/wp-json\/wp\/v2\/tags?post=941"}],"curies":[{"name":"wp","href":"https:\/\/api.w.org\/{rel}","templated":true}]}}